{"id":202,"date":"2011-09-24T02:16:24","date_gmt":"2011-09-24T02:16:24","guid":{"rendered":"http:\/\/www.anvifalcon.com.br\/?p=202"},"modified":"2013-11-08T01:53:28","modified_gmt":"2013-11-08T01:53:28","slug":"mais-detalhes-sobre-a-decisao-historica","status":"publish","type":"post","link":"https:\/\/anvifalcon.com.br\/?p=202","title":{"rendered":"MAIS DETALHES SOBRE A DECIS\u00c3O HIST\u00d3RICA"},"content":{"rendered":"<h2 style=\"text-align: center;\"><span style=\"font-size: x-large;\"><br \/>\n<span style=\"color: #0000ff;\">STF\u00a0PRO\u00cdBE COBRAN\u00c7A DE MENSALIDADE<\/span><\/span><\/h2>\n<h2 style=\"text-align: center;\"><span style=\"color: #0000ff; font-size: x-large;\"><br \/>\nPOR ASSOCIA\u00c7\u00c3O DE MORADORES<\/span><\/h2>\n<p style=\"text-align: justify;\">A cobran\u00e7a de mensalidades feitas por uma associa\u00e7\u00e3o de moradores de um residencial no Rio de Janeiro feitas a um propriet\u00e1rio de dois lotes na \u00e1rea n\u00e3o ser\u00e1 concretizada. A decis\u00e3o \u00e9 da Primeira Turma do Supremo Tribunal Federal (STF), que, por unanimidade, acompanhou o voto do ministro Marco Aur\u00e9lio, dando provimento o Recurso Extraordin\u00e1rio (RE 432106) para julgar improcedente a cobran\u00e7a por parte da associa\u00e7\u00e3o. A associa\u00e7\u00e3o pressup\u00f5e a vontade livre e espont\u00e2nea do cidad\u00e3o em associar-se, disse o relator.<\/p>\n<p style=\"text-align: justify;\">De acordo com os autos, a defesa do propriet\u00e1rio alegou junto \u00e0 Justi\u00e7a fluminense que a cobran\u00e7a das mensalidades feitas pela entidade ofenderia aos incisos <a id=\"citacaoLegis\" title=\"Inciso II do Artigo 5 do Constitui\u00e7\u00e3o da Republica Federativa do Brasil 1988\" href=\"http:\/\/www.jusbrasil.com.br\/legislacao\/823945\/constitui\u00e7\u00e3o-da-republica-federativa-do-brasil-1988\">II<\/a> e <a id=\"citacaoLegis\" title=\"Inciso XX do Artigo 5 do Constitui\u00e7\u00e3o da Republica Federativa do Brasil 1988\" href=\"http:\/\/www.jusbrasil.com.br\/legislacao\/823945\/constitui\u00e7\u00e3o-da-republica-federativa-do-brasil-1988\">XX<\/a> do artigo <a id=\"citacaoLegis\" title=\"Artigo 5 do Constitui\u00e7\u00e3o da Republica Federativa do Brasil 1988\" href=\"http:\/\/www.jusbrasil.com.br\/legislacao\/823945\/constitui\u00e7\u00e3o-da-republica-federativa-do-brasil-1988\">5\u00ba<\/a> da <a id=\"citacaoLegis\" title=\"Constitui\u00e7\u00e3o da Republica Federativa do Brasil 1988\" href=\"http:\/\/www.jusbrasil.com.br\/legislacao\/823945\/constitui\u00e7\u00e3o-da-republica-federativa-do-brasil-1988\">Carta da Republica<\/a>, por ser a entidade uma associa\u00e7\u00e3o civil e n\u00e3o condominial. Contudo, a Justi\u00e7a fluminense afastou essas alega\u00e7\u00f5es e manteve o entendimento de que o propriet\u00e1rio deveria recolher as mensalidades da associa\u00e7\u00e3o, por usufruir dos servi\u00e7os prestados por ela.<\/p>\n<p style=\"text-align: justify;\">Inconformada, a defesa do propriet\u00e1rio recorreu ao Supremo, onde sustentou que a associa\u00e7\u00e3o de moradores, uma entidade civil, com participa\u00e7\u00e3o volunt\u00e1ria de associados, n\u00e3o poderia compelir [o propriet\u00e1rio dos lotes] a associar-se ou impor-lhe contribui\u00e7\u00f5es compuls\u00f3rias.<\/p>\n<p style=\"text-align: justify;\">Inicialmente, o relator ressaltou que o recurso foi proposto antes do instituto da repercuss\u00e3o geral a valer.<\/p>\n<p style=\"text-align: justify;\">Sobre o assunto, o ministro salientou que o Tribunal de Justi\u00e7a fluminense reconheceu que a associa\u00e7\u00e3o n\u00e3o \u00e9 um condom\u00ednio em edifica\u00e7\u00f5es ou incorpora\u00e7\u00f5es imobili\u00e1rias regido pela Lei n\u00ba <a id=\"citacaoLegis\" title=\"Lei do Condom\u00ednio - Lei 4591\/64\" href=\"http:\/\/www.jusbrasil.com.br\/legislacao\/104078\/lei-do-condom\u00ednio-lei-4591-64\">4.591<\/a>\/64.<\/p>\n<p style=\"text-align: justify;\">&#8220;Colho da <a id=\"citacaoLegis\" title=\"Constitui\u00e7\u00e3o da Republica Federativa do Brasil 1988\" href=\"http:\/\/www.jusbrasil.com.br\/legislacao\/823945\/constitui\u00e7\u00e3o-da-republica-federativa-do-brasil-1988\">Constitui\u00e7\u00e3o Federal<\/a> que ningu\u00e9m est\u00e1 compelido a fazer ou a deixar de fazer alguma coisa sen\u00e3o em virtude de lei&#8221;, salientou o ministro Mar\u00e7o Aur\u00e9lio. Ele ressaltou que esse preceito abrange a obriga\u00e7\u00e3o de fazer como obriga\u00e7\u00e3o de dar. &#8220;Esta, ou bem se submete \u00e0 manifesta\u00e7\u00e3o de vontade, ou \u00e0 previs\u00e3o em lei&#8221;, afirmou o relator.<\/p>\n<p style=\"text-align: justify;\">O ministro considerou que a regra do inciso <a id=\"citacaoLegis\" title=\"Inciso XX do Artigo 5 do Constitui\u00e7\u00e3o da Republica Federativa do Brasil 1988\" href=\"http:\/\/www.jusbrasil.com.br\/legislacao\/823945\/constitui\u00e7\u00e3o-da-republica-federativa-do-brasil-1988\">XX<\/a> do artigo <a id=\"citacaoLegis\" title=\"Artigo 5 do Constitui\u00e7\u00e3o da Republica Federativa do Brasil 1988\" href=\"http:\/\/www.jusbrasil.com.br\/legislacao\/823945\/constitui\u00e7\u00e3o-da-republica-federativa-do-brasil-1988\">5\u00ba<\/a> da <a id=\"citacaoLegis\" title=\"Constitui\u00e7\u00e3o da Republica Federativa do Brasil 1988\" href=\"http:\/\/www.jusbrasil.com.br\/legislacao\/823945\/constitui\u00e7\u00e3o-da-republica-federativa-do-brasil-1988\">Constitui\u00e7\u00e3o<\/a> garante que &#8220;ningu\u00e9m poder\u00e1 ser compelido a associar-se ou a permanecer associado&#8221;. &#8220;A garantia constitucional alcan\u00e7a n\u00e3o s\u00f3 a associa\u00e7\u00e3o sob o \u00e2ngulo formal como tamb\u00e9m tudo que resulte desse fen\u00f4meno e, iniludivelmente, a satisfa\u00e7\u00e3o de mensalidades ou de outra parcela, seja qual for a periodicidade, \u00e0 associa\u00e7\u00e3o pressup\u00f5e a vontade livre e espont\u00e2nea do cidad\u00e3o em associar-se&#8221;, ponderou o ministro.<\/p>\n<p style=\"text-align: justify;\">O relator considerou que o propriet\u00e1rio foi condenado ao pagamento em contrariedade frontal &#8220;a sentimento nutrido quanto \u00e0 Associa\u00e7\u00e3o e \u00e0s obriga\u00e7\u00f5es que dela decorreriam&#8221; para dar provimento ao recurso e julgou improcedente a a\u00e7\u00e3o de cobran\u00e7a movida pela associa\u00e7\u00e3o.<\/p>\n<p style=\"text-align: center;\">Transcrito do site: <a href=\"http:\/\/stf.jusbrasil.com.br\/noticias\/2842838\/primeira-turma-nega-cobranca-de-mensalidade-de-associacao-no-rio-de-janeiro\">http:\/\/stf.jusbrasil.com.br\/noticias\/2842838\/primeira-turma-nega-cobranca-de-mensalidade-de-associacao-no-rio-de-janeiro<\/a><\/p>\n<p style=\"text-align: center;\">Leia mais a respeito aqui: <a href=\"http:\/\/www.alertatotal.net\/2011\/09\/supremo-decide-que-e-ilegal-cobranca.html\">http:\/\/www.alertatotal.net\/2011\/09\/supremo-decide-que-e-ilegal-cobranca.html<\/a><\/p>\n<p style=\"text-align: center;\">E aqui: <a href=\"http:\/\/noticias.r7.com\/sao-paulo\/noticias\/stf-decide-que-morador-de-rua-fechada-nao-deve-pagar-condominio-20110922.html\">http:\/\/noticias.r7.com\/sao-paulo\/noticias\/stf-decide-que-morador-de-rua-fechada-nao-deve-pagar-condominio-20110922.html<\/a><\/p>\n<p style=\"text-align: center;\">Veja aqui a Decis\u00e3o de Efeito Suspensivo: <a href=\"http:\/\/www.anvifalcon.com.br\/wp-content\/uploads\/RE_432106_RJ_1278898917158-STF.pdf\">http:\/\/www.anvifalcon.com.br\/wp-content\/uploads\/RE_432106_RJ_1278898917158-STF.pdf<\/a><\/p>\n<p style=\"text-align: center;\">Veja aqui o voto do Relator Ministro Marco Aur\u00e9lio: <a href=\"http:\/\/vitimasfalsoscondominios.blogspot.com\/2011\/09\/relatorio-e-voto-do-min-marco-aurelio.html\">http:\/\/vitimasfalsoscondominios.blogspot.com\/2011\/09\/relatorio-e-voto-do-min-marco-aurelio.html<\/a><\/p>\n","protected":false},"excerpt":{"rendered":"<p>STF\u00a0PRO\u00cdBE COBRAN\u00c7A DE MENSALIDADE POR ASSOCIA\u00c7\u00c3O DE MORADORES A cobran\u00e7a de mensalidades feitas por uma associa\u00e7\u00e3o de moradores de um residencial no Rio de Janeiro feitas a um propriet\u00e1rio de dois lotes na \u00e1rea n\u00e3o ser\u00e1 concretizada. A decis\u00e3o \u00e9 da Primeira Turma do Supremo Tribunal Federal (STF), que, por unanimidade, acompanhou o voto do [&hellip;]<\/p>\n","protected":false},"author":1,"featured_media":0,"comment_status":"open","ping_status":"open","sticky":false,"template":"","format":"standard","meta":{"footnotes":""},"categories":[5,6,14,16],"tags":[26,27,29,10,34,35,36,30,31],"class_list":["post-202","post","type-post","status-publish","format-standard","hentry","category-programacao-de-eventos-na-campanha-contra-os-falsos-condominios","category-sentencas-favoraveis-as-vitimas-e-contra-os-falsos-condominios","category-leis-que-ajudam-a-se-defender-de-falsos-condominios","category-textos-e-orientacoes-para-combater-os-falsos-condominios","tag-associacao-de-moradores","tag-falso-condominio","tag-jurisprudencia-stj","tag-leis-contrarias-as-associacoes-de-moradores","tag-loteamento-irregular","tag-resp-1-020-186-sp","tag-resp-432106-stf","tag-resp-444-931","tag-resp-623-274"],"_links":{"self":[{"href":"https:\/\/anvifalcon.com.br\/index.php?rest_route=\/wp\/v2\/posts\/202","targetHints":{"allow":["GET"]}}],"collection":[{"href":"https:\/\/anvifalcon.com.br\/index.php?rest_route=\/wp\/v2\/posts"}],"about":[{"href":"https:\/\/anvifalcon.com.br\/index.php?rest_route=\/wp\/v2\/types\/post"}],"author":[{"embeddable":true,"href":"https:\/\/anvifalcon.com.br\/index.php?rest_route=\/wp\/v2\/users\/1"}],"replies":[{"embeddable":true,"href":"https:\/\/anvifalcon.com.br\/index.php?rest_route=%2Fwp%2Fv2%2Fcomments&post=202"}],"version-history":[{"count":12,"href":"https:\/\/anvifalcon.com.br\/index.php?rest_route=\/wp\/v2\/posts\/202\/revisions"}],"predecessor-version":[{"id":204,"href":"https:\/\/anvifalcon.com.br\/index.php?rest_route=\/wp\/v2\/posts\/202\/revisions\/204"}],"wp:attachment":[{"href":"https:\/\/anvifalcon.com.br\/index.php?rest_route=%2Fwp%2Fv2%2Fmedia&parent=202"}],"wp:term":[{"taxonomy":"category","embeddable":true,"href":"https:\/\/anvifalcon.com.br\/index.php?rest_route=%2Fwp%2Fv2%2Fcategories&post=202"},{"taxonomy":"post_tag","embeddable":true,"href":"https:\/\/anvifalcon.com.br\/index.php?rest_route=%2Fwp%2Fv2%2Ftags&post=202"}],"curies":[{"name":"wp","href":"https:\/\/api.w.org\/{rel}","templated":true}]}}