{"id":641,"date":"2020-09-30T20:06:28","date_gmt":"2020-09-30T20:06:28","guid":{"rendered":"http:\/\/www.anvifalcon.com.br\/?p=641"},"modified":"2020-09-30T23:10:38","modified_gmt":"2020-09-30T23:10:38","slug":"homologacao-de-amicus-curiae-da-anvifalcon-no-re-695911-no-stf-apenas-48-horas-de-julgamento-indica-cartas-marcadas","status":"publish","type":"post","link":"https:\/\/anvifalcon.com.br\/?p=641","title":{"rendered":"HOMOLOGA\u00c7\u00c3O DE &#8220;AMICUS CURIAE&#8221; DA ANVIFALCON NO RE-695911 PELO STF APENAS 48 HORAS ANTES DO JULGAMENTO INDICA &#8220;CARTAS MARCADAS&#8221;!"},"content":{"rendered":"<h1 style=\"text-align: center;\"><a style=\"font-size: 13px; font-weight: normal;\" href=\"http:\/\/www.anvifalcon.com.br\/wp-content\/uploads\/2020\/09\/Justica-funciona-assim21.jpg\"><img loading=\"lazy\" decoding=\"async\" class=\"aligncenter size-full wp-image-651\" title=\"Justica-funciona-assim2\" src=\"http:\/\/www.anvifalcon.com.br\/wp-content\/uploads\/2020\/09\/Justica-funciona-assim21.jpg\" alt=\"\" width=\"590\" height=\"436\" srcset=\"https:\/\/anvifalcon.com.br\/wp-content\/uploads\/2020\/09\/Justica-funciona-assim21.jpg 590w, https:\/\/anvifalcon.com.br\/wp-content\/uploads\/2020\/09\/Justica-funciona-assim21-300x221.jpg 300w\" sizes=\"auto, (max-width: 590px) 100vw, 590px\" \/><\/a><\/h1>\n<p style=\"text-align: center;\"><strong>\u00a0<span style=\"color: #ff0000; font-size: 2em; text-align: center;\">ALERTA GERAL: HOMOLOGA\u00c7\u00c3O DE &#8220;AMICUS CURIAE&#8221; DA ANVIFALCON NO RE-695911 PELO STF APENAS 48 HORAS ANTES DO JULGAMENTO INDICA &#8220;CARTAS MARCADAS&#8221;!<\/span><\/strong><\/p>\n<p>Depois de recusados v\u00e1rios pedidos de Amicus Curiae em nome da parte mais fr\u00e1gil da quest\u00e3o &#8211; as incont\u00e1veis v\u00edtimas de falsos condom\u00ednios pelo pa\u00eds afora &#8211; no RE-695911 no Supremo Tribunal Federal (<a href=\"http:\/\/portal.stf.jus.br\/processos\/detalhe.asp?incidente=4262142\" target=\"_blank\">Teresinha dos Santos X Associa\u00e7\u00e3o dos Propriet\u00e1rios Amigos da Porta do Sol &#8211; APAPS<\/a>) e aceitos v\u00e1rios pedidos que apoiam a parte recorrida (o falso condom\u00ednio), a peti\u00e7\u00e3o em nome da <strong>Associa\u00e7\u00e3o Nacional de V\u00edtimas de Falsos Condom\u00ednioos &#8211; ANVIFALCON<\/strong> (a maior e mais antiga do g\u00eanero no pa\u00eds), que foi protocolada no dia 14\/04\/2020 (ou seja, h\u00e1 quase cinco meses!), finalmente foi aceita, <strong>S\u00d3 QUE NO DIA 29\/09\/2020<\/strong>, ou seja, <span style=\"text-decoration: underline;\"><strong>MENOS DE 48 HORAS ANTES DO JULGAMENTO<\/strong><\/span>, o que inviabiliza a confec\u00e7\u00e3o de uma defesa escrita e oral minimamente consistente para um tema t\u00e3o vasto e importante!<\/p>\n<p>Neste exato momento, na tarde de 30\/09\/2020, ou seja, <span style=\"text-decoration: underline;\">\u00e0s v\u00e9speras da data marcada para o julgamento<\/span>, a Diretoria da <strong>ANVIFALCON<\/strong> est\u00e1 providenciando um pedido de <strong>ADIAMENTO<\/strong> em vista do tempo ex\u00edguo que restou \u00e0 defesa de milhares de moradores que tiveram seus direitos fundamentais violados, em flagrante atropelo ao Art. 5\u00ba, inciso XX da Constitui\u00e7\u00e3o Federal, que &#8211; pelo menos deveria garantir &#8211; o <strong>DIREITO DE LIVRE ASSOCIA\u00c7\u00c3O<\/strong>, onde reza que &#8220;<em><strong>ningu\u00e9m poder\u00e1 ser compelido a associar-se ou a permanecer associado<\/strong><\/em>&#8220;, em desrespeito inclusive a tratados internacionais aos quais o Brasil \u00e9 signat\u00e1rio!<\/p>\n<p>Caso n\u00e3o seja assegurado o direito de ampla defesa e em igualdade de condi\u00e7\u00f5es com os demais interessados nessa causa, a <strong>ANVIFALCON<\/strong> vai protestar por todos os meios poss\u00edveis, nacional (inclusive em frente ao STF!) e internacionalmente, ainda mais quando fica evidenciado, atrav\u00e9s desse flagrante desfavorecimento da entidade m\u00e1xima que representa a popula\u00e7\u00e3o prejudicada, que muito provavelmente <strong>HAJA UM CONLUIO, UM JOGO DE CARTAS MARCADAS<\/strong> para beneficiar os falsos condom\u00ednios, o que coloca o julgamento desse RE, j\u00e1, de in\u00edcio, <strong>SOB SUSPEITA<\/strong>! N\u00e3o vamos aceitar, <strong>EXIGIMOS ADIAMENTO J\u00c1 DO JULGAMENTO DO RE-695911<\/strong> !!!<\/p>\n<p>Acompanhe o andamento do RE-695911, cuja repercuss\u00e3o geral pode decretar o destino de milhares de moradores que j\u00e1 tiveram ou ainda poder\u00e3o ter seus im\u00f3veis penhorados para pagar supostas d\u00edvidas com &#8220;condom\u00ednios&#8221; fajutas disfar\u00e7ados de &#8220;associa\u00e7\u00f5es de moradores&#8221; que em muitos casos <span style=\"text-decoration: underline;\">N\u00c3O PASSAM DE M\u00c1FIAS DE QUADRILHEIROS QUE SE SUSTENTAM ATRAV\u00c9S DA COBRAN\u00c7A DE &#8220;TAXAS&#8221; ILEGAIS POR &#8220;SERVI\u00c7OS&#8221; QUE DEVERIAM SER REALIZADOS EM RETORNO AOS IMPOSTOS PAGOS, USURPANDO FUN\u00c7\u00d5ES P\u00daBLICOS E MUITAS VEZES SERVINDO DE FACHADA PARA MIL\u00cdCIAS<\/span>!!!<\/p>\n<p>Link do processo no STF:\u00a0<a href=\"http:\/\/portal.stf.jus.br\/processos\/detalhe.asp?incidente=4262142\" target=\"_blank\">http:\/\/portal.stf.jus.br\/processos\/detalhe.asp?incidente=4262142<\/a><\/p>\n<p>Tamb\u00e9m j\u00e1 acionamos nosso porta-voz dessa causa no Congresso Nacional, o Senador \u00c1lvaro Dias, veja alguns posicionamentos dele a respeito: <a href=\"https:\/\/www12.senado.leg.br\/noticias\/materias\/2010\/04\/30\/alvaro-dias-denuncia-cobranca-irregular-por-associacoes-de-moradores\" target=\"_blank\">https:\/\/www12.senado.leg.br\/noticias\/materias\/2010\/04\/30\/alvaro-dias-denuncia-cobranca-irregular-por-associacoes-de-moradores<\/a>.<\/p>\n<p>&nbsp;<\/p>\n<p>&nbsp;<\/p>\n","protected":false},"excerpt":{"rendered":"<p>\u00a0ALERTA GERAL: HOMOLOGA\u00c7\u00c3O DE &#8220;AMICUS CURIAE&#8221; DA ANVIFALCON NO RE-695911 PELO STF APENAS 48 HORAS ANTES DO JULGAMENTO INDICA &#8220;CARTAS MARCADAS&#8221;! Depois de recusados v\u00e1rios pedidos de Amicus Curiae em nome da parte mais fr\u00e1gil da quest\u00e3o &#8211; as incont\u00e1veis v\u00edtimas de falsos condom\u00ednios pelo pa\u00eds afora &#8211; no RE-695911 no Supremo Tribunal Federal (Teresinha [&hellip;]<\/p>\n","protected":false},"author":2,"featured_media":0,"comment_status":"open","ping_status":"open","sticky":false,"template":"","format":"standard","meta":{"footnotes":""},"categories":[5,6,14,7,16],"tags":[26,38,27,37,10,49],"class_list":["post-641","post","type-post","status-publish","format-standard","hentry","category-programacao-de-eventos-na-campanha-contra-os-falsos-condominios","category-sentencas-favoraveis-as-vitimas-e-contra-os-falsos-condominios","category-leis-que-ajudam-a-se-defender-de-falsos-condominios","category-enderecos-uteis-para-combater-os-falsos-condominios","category-textos-e-orientacoes-para-combater-os-falsos-condominios","tag-associacao-de-moradores","tag-divida-de-condominio","tag-falso-condominio","tag-jurisprudencia-stf","tag-leis-contrarias-as-associacoes-de-moradores","tag-re-695911"],"_links":{"self":[{"href":"https:\/\/anvifalcon.com.br\/index.php?rest_route=\/wp\/v2\/posts\/641","targetHints":{"allow":["GET"]}}],"collection":[{"href":"https:\/\/anvifalcon.com.br\/index.php?rest_route=\/wp\/v2\/posts"}],"about":[{"href":"https:\/\/anvifalcon.com.br\/index.php?rest_route=\/wp\/v2\/types\/post"}],"author":[{"embeddable":true,"href":"https:\/\/anvifalcon.com.br\/index.php?rest_route=\/wp\/v2\/users\/2"}],"replies":[{"embeddable":true,"href":"https:\/\/anvifalcon.com.br\/index.php?rest_route=%2Fwp%2Fv2%2Fcomments&post=641"}],"version-history":[{"count":11,"href":"https:\/\/anvifalcon.com.br\/index.php?rest_route=\/wp\/v2\/posts\/641\/revisions"}],"predecessor-version":[{"id":643,"href":"https:\/\/anvifalcon.com.br\/index.php?rest_route=\/wp\/v2\/posts\/641\/revisions\/643"}],"wp:attachment":[{"href":"https:\/\/anvifalcon.com.br\/index.php?rest_route=%2Fwp%2Fv2%2Fmedia&parent=641"}],"wp:term":[{"taxonomy":"category","embeddable":true,"href":"https:\/\/anvifalcon.com.br\/index.php?rest_route=%2Fwp%2Fv2%2Fcategories&post=641"},{"taxonomy":"post_tag","embeddable":true,"href":"https:\/\/anvifalcon.com.br\/index.php?rest_route=%2Fwp%2Fv2%2Ftags&post=641"}],"curies":[{"name":"wp","href":"https:\/\/api.w.org\/{rel}","templated":true}]}}